{"id":15738,"date":"2017-03-02T14:50:59","date_gmt":"2017-03-02T12:50:59","guid":{"rendered":"http:\/\/spomag-lv.localhost\/?p=15738"},"modified":"2017-03-02T14:50:59","modified_gmt":"2017-03-02T12:50:59","slug":"jaunaja-filter-velokauss-ritenbrauksanas-seriala-sosejas-un-ari-mtb-sacensibas","status":"publish","type":"post","link":"https:\/\/sportland.lv\/magazine\/jaunaja-filter-velokauss-ritenbrauksanas-seriala-sosejas-un-ari-mtb-sacensibas\/","title":{"rendered":"Jaunaj\u0101 \u201cFilter Velokauss\u201d rite\u0146brauk\u0161anas seri\u0101l\u0101 \u0161osejas un ar\u012b MTB sacens\u012bbas"},"content":{"rendered":"<p><strong>Iecien\u012btais rite\u0146brauk\u0161anas sacens\u012bbu seri\u0101la \u201cFilter Velokauss\u201d r\u012bkot\u0101ji 2017. gad\u0101 rite\u0146brauk\u0161anas cien\u012bt\u0101jus aicin\u0101s piedal\u012bties ne tikai tradicion\u0101laj\u0101s \u0161osejas rite\u0146brauk\u0161anas individu\u0101l\u0101 un p\u0101ru brauciena sacens\u012bb\u0101s, bet pirmo gadu pied\u0101v\u0101s MTB rite\u0146brauk\u0161anas individu\u0101l\u0101 brauciena sacens\u012bbas. Jaun\u0101 sezon\u0101 start\u0113s 11. maij\u0101 J\u016brmal\u0101.<\/strong><\/p>\n<p>Aizvien vair\u0101k uz iel\u0101m un ce\u013ciem vis\u0101 Latvij\u0101 redzami rite\u0146brauc\u0113ji, kuri piln\u0101 spar\u0101 gatavojas jaunajai rite\u0146brauk\u0161anas sacens\u012bbu sezonai. Akt\u012bvi sezonai gatavojas ar\u012b Latvijas popul\u0101r\u0101 rite\u0146brauk\u0161anas sacens\u012bbu seri\u0101la \u201cFilter Velokauss\u201d r\u012bkot\u0101ji, kuri rite\u0146brauk\u0161anas cien\u012bt\u0101jiem sagatavoju\u0161i vair\u0101kus jaunumus. Jaunaj\u0101 sezon\u0101 tiks iek\u013cauti kopum\u0101 pieci posmi, kas norisin\u0101sies J\u016brmal\u0101, Garkaln\u0113 un Aina\u017eos, kur gaid\u0101ms lielais fin\u0101ls.<\/p>\n<p>Noz\u012bm\u012bg\u0101kais jaunums 2017. gada \u201cFilter Velokauss\u201d seri\u0101la dal\u012bbniekiem ir MTB rite\u0146brauk\u0161anas individu\u0101l\u0101 brauciena iek\u013cau\u0161ana pirmajos \u010detros posmos ar atsevi\u0161\u0137u v\u0113rt\u0113jumu no \u0161osejas rite\u0146brauc\u0113jiem. Tas dos lielisku iesp\u0113ju akt\u012bv\u0101s atp\u016btas cien\u012bt\u0101jiem, kuriem sirdij tuv\u0101ka kalnu rite\u0146brauk\u0161ana, izm\u0113\u0123in\u0101t sp\u0113kus individu\u0101laj\u0101 braucien\u0101 pa MTB tipa tras\u0113m J\u016brmalas un Garkalnes apk\u0101rtn\u0113. Pl\u0101nots, ka jaunaj\u0101 sezon\u0101 MTB individu\u0101lo braucienu starts gaid\u0101ms pulksten 18:00, bet \u0161osejas rite\u0146brauc\u0113ji pirmajos \u010detros posmos tras\u0113 dosies no pulksten 19:00.<\/p>\n<p><img loading=\"lazy\" decoding=\"async\" class=\"normal aligncenter size-large wp-image-15739\" src=\"http:\/\/sportlandmagazine.com\/lat\/wp-content\/uploads\/2017\/03\/Filter_Velokauss_2-1024x683.jpg\" alt=\"\" width=\"1024\" height=\"683\" srcset=\"https:\/\/sportland.lv\/magazine\/wp-content\/uploads\/2017\/03\/Filter_Velokauss_2-1024x683.jpg 1024w, https:\/\/sportland.lv\/magazine\/wp-content\/uploads\/2017\/03\/Filter_Velokauss_2-300x200.jpg 300w, https:\/\/sportland.lv\/magazine\/wp-content\/uploads\/2017\/03\/Filter_Velokauss_2-768x512.jpg 768w, https:\/\/sportland.lv\/magazine\/wp-content\/uploads\/2017\/03\/Filter_Velokauss_2-740x493.jpg 740w, https:\/\/sportland.lv\/magazine\/wp-content\/uploads\/2017\/03\/Filter_Velokauss_2.jpg 1200w\" sizes=\"auto, (max-width: 1024px) 100vw, 1024px\" \/><\/p>\n<p>\u0100tr\u0101kie rite\u0146brauc\u0113ji tiks noteikti ne tikai absol\u016btajos v\u0113rt\u0113jumos, bet ar\u012b pa vecuma grup\u0101m. Tradicion\u0101li kopv\u0113rt\u0113jum\u0101 l\u012bderiem absol\u016btaj\u0101 v\u012brie\u0161u un sievie\u0161u v\u0113rt\u0113jum\u0101, k\u0101 ar\u012b lab\u0101kajam jaunajam sportistam, tiks pie\u0161\u0137irti \u012bpa\u0161ie l\u012bderu kombinezoni. T\u0101pat, \u0161osejas rite\u0146brauk\u0161an\u0101 zilas kr\u0101sas kombinezon\u0101 start\u0113s 2016. gada\u00a0 kopv\u0113rt\u0113juma uzvar\u0113t\u0101js Andris Lukjanovs. Turpinot trad\u012bcijas, tiks noteiktas ar\u012b \u0101tr\u0101k\u0101s komandas. P\u0113rn dal\u012bbnieku \u201cFilter Velokauss\u201d seri\u0101l\u0101 bija virkne Latvijas un Igaunijas vado\u0161o rite\u0146brauc\u0113ju, tostarp pasaules t\u016bres vien\u012bbas \u201cKatusha\u201d velosportists Reins T\u0101ram\u0113, k\u0101 ar\u012b pasaules junioru \u010dempion\u0101ta 11. vietas ieguv\u0113js individu\u0101laj\u0101 braucien\u0101 \u0112riks Toms Gavars.<\/p>\n<p>Re\u0123istr\u0101cija 2017. gada \u201cFilter Velokauss\u201d \u0161osejas un MTB rite\u0146brauk\u0161anas seri\u0101lam s\u0101ksies n\u0101kamaj\u0101 ned\u0113\u013c\u0101. Pietiekties konkr\u0113tiem posmiem var\u0113s ar\u012b sacens\u012bbu norises viet\u0101, no pulksten 17:30.<\/p>\n<p><strong>2017. gada Filter velokauss sacens\u012bbu kalend\u0101rs:<\/strong><\/p>\n<p>11.05. J\u016brmala &#8211; Individu\u0101lais brauciens \u0161osej\u0101 un MTB<\/p>\n<p>25.05. Garkalne \u2013 P\u0101ru brauciens \u0161osej\u0101 un individu\u0101lais brauciens MTB<\/p>\n<p>08.06. J\u016brmala \u2013 Individu\u0101lais brauciens \u0161osej\u0101 un MTB<\/p>\n<p>20.07. Garkalne \u2013 P\u0101ru brauciens \u0161osej\u0101 un individu\u0101lais brauciens MTB<\/p>\n<p>27.08. Aina\u017ei \u2013 Individu\u0101lais brauciens \u0161osej\u0101<\/p>\n","protected":false},"excerpt":{"rendered":"<p>Iecien\u012btais rite\u0146brauk\u0161anas sacens\u012bbu seri\u0101la \u201cFilter Velokauss\u201d r\u012bkot\u0101ji 2017. gad\u0101 rite\u0146brauk\u0161anas cien\u012bt\u0101jus aicin\u0101s piedal\u012bties ne tikai tradicion\u0101laj\u0101s \u0161osejas rite\u0146brauk\u0161anas individu\u0101l\u0101 un\u2026<\/p>\n","protected":false},"author":9,"featured_media":15740,"comment_status":"open","ping_status":"open","sticky":false,"template":"","format":"standard","meta":{"_acf_changed":false,"footnotes":""},"categories":[318,456],"tags":[211,17],"class_list":["post-15738","post","type-post","status-publish","format-standard","has-post-thumbnail","hentry","category-velo","category-velosports","tag-filter-velokauss","tag-velosports"],"acf":[],"_links":{"self":[{"href":"https:\/\/sportland.lv\/magazine\/wp-json\/wp\/v2\/posts\/15738","targetHints":{"allow":["GET"]}}],"collection":[{"href":"https:\/\/sportland.lv\/magazine\/wp-json\/wp\/v2\/posts"}],"about":[{"href":"https:\/\/sportland.lv\/magazine\/wp-json\/wp\/v2\/types\/post"}],"author":[{"embeddable":true,"href":"https:\/\/sportland.lv\/magazine\/wp-json\/wp\/v2\/users\/9"}],"replies":[{"embeddable":true,"href":"https:\/\/sportland.lv\/magazine\/wp-json\/wp\/v2\/comments?post=15738"}],"version-history":[{"count":1,"href":"https:\/\/sportland.lv\/magazine\/wp-json\/wp\/v2\/posts\/15738\/revisions"}],"predecessor-version":[{"id":15741,"href":"https:\/\/sportland.lv\/magazine\/wp-json\/wp\/v2\/posts\/15738\/revisions\/15741"}],"wp:featuredmedia":[{"embeddable":true,"href":"https:\/\/sportland.lv\/magazine\/wp-json\/wp\/v2\/media\/15740"}],"wp:attachment":[{"href":"https:\/\/sportland.lv\/magazine\/wp-json\/wp\/v2\/media?parent=15738"}],"wp:term":[{"taxonomy":"category","embeddable":true,"href":"https:\/\/sportland.lv\/magazine\/wp-json\/wp\/v2\/categories?post=15738"},{"taxonomy":"post_tag","embeddable":true,"href":"https:\/\/sportland.lv\/magazine\/wp-json\/wp\/v2\/tags?post=15738"}],"curies":[{"name":"wp","href":"https:\/\/api.w.org\/{rel}","templated":true}]}}