{"id":27768,"date":"2019-07-31T10:28:21","date_gmt":"2019-07-31T07:28:21","guid":{"rendered":"https:\/\/www.sportlandmagazine.com\/lat\/?p=27768"},"modified":"2024-04-10T14:51:35","modified_gmt":"2024-04-10T11:51:35","slug":"edgars-vilums-par-dzives-baudisanu-un-visertakajam-biksem-pasaule","status":"publish","type":"post","link":"https:\/\/sportland.lv\/magazine\/edgars-vilums-par-dzives-baudisanu-un-visertakajam-biksem-pasaule\/","title":{"rendered":"EDGARS VI\u013bUMS PAR DZ\u012aVES BAUD\u012a\u0160ANU UN VIS\u0112RT\u0100KAJ\u0100M BIKS\u0112M PASAUL\u0112"},"content":{"rendered":"<p>Grupas \u201cTri\u0101nas Parks\u201d budzinieks Edgars Vi\u013cums nebaid\u0101s at\u0161\u0137irties. Vi\u0146\u0161 lau\u017e stereotipus atz\u012bstot gan to, ka m\u0101j\u0101s p\u0113c koncertiem vislabpr\u0101t\u0101k bauda klusumu, gan saucot treni\u0146bikses par vis\u0113rt\u0101kaj\u0101m biks\u0113m pasaul\u0113.<\/p>\n<p><strong>&#8211; Ar k\u0101d\u0101m saj\u016bt\u0101m esi ies\u0101cis \u0161o vasaru?\u00a0<\/strong><\/p>\n<p>&#8211; Noteikti pozit\u012bv\u0101m, \u012bpa\u0161i t\u0101d\u0113\u013c, ka sav\u0101 b\u016bt\u012bb\u0101 esmu vasaras cilv\u0113ks. Man pat\u012bk saule un siltums \u2013 pavasaris un vasara ir laiks, kad viss ne tikai s\u0101k apk\u0101rt za\u013cot, bet ar\u012b es k\u0101 cilv\u0113ks no jauna atgrie\u017eos dz\u012bv\u0113.<\/p>\n<p><strong>&#8211; T\u0101 k\u0101 m\u016bzi\u0137iem vasara ir akt\u012bvs laiks, tad k\u0101da tev t\u0101 sol\u0101s b\u016bt \u0161ogad profesion\u0101li un person\u012bgi?\u00a0<\/strong><\/p>\n<p>&#8211; Nenoliedzami m\u016bzi\u0137iem vasaras laiks ir visakt\u012bv\u0101kais, kad liel\u0101ko da\u013cu laika aiz\u0146em da\u017e\u0101di notikumi, koncerti un festiv\u0101li. \u0160obr\u012bd viens no aktu\u0101l\u0101kajiem notikumiem mums k\u0101 grupai ir topo\u0161ais albums, kas jau ir ierakst\u012bts un izn\u0101ks ruden\u012b. Tas b\u016bs m\u016bsu pirmais albums latvie\u0161u valod\u0101. Protams, vis\u0101 \u0161aj\u0101 koncertu burzm\u0101 es ar\u012b cen\u0161os atrast laiku sev. Vasar\u0101 man ir svar\u012bgi, piem\u0113ram, aizbraukt pie saviem vecvec\u0101kiem uz laukiem, satikt savus draugus. Lai gan ned\u0113\u013cas nogales vasar\u0101 liel\u0101koties m\u016bzi\u0137iem ir aiz\u0146emtas, tom\u0113r pozit\u012bvi ir tas, ka br\u012bvaj\u0101s darba dien\u0101s var bez sastr\u0113gumiem aizbraukt uz laukiem vai j\u016bru.<\/p>\n<p><strong>&#8211; Vai tev ikdien\u0101 atliek laika ar\u012b sportisk\u0101m aktivit\u0101t\u0113m?<\/strong><\/p>\n<p>&#8211; Lai gan p\u0113d\u0113j\u0101 laik\u0101 tas neizdodas tik bie\u017ei, k\u0101 v\u0113l\u0113tos, man vislab\u0101k pat\u012bk nodarboties ar boksu. Bija br\u012bdis, kad teju visi \u201cTri\u0101nas Parks\u201d m\u016bzi\u0137i apmekl\u0113ja boksa treni\u0146us. V\u0113l man pat\u012bk visi d\u0113\u013cu sporta veidi. Tom\u0113r j\u0101atz\u012bst, ka p\u0113d\u0113j\u0101 laik\u0101 aiz\u0146emt\u012bba ir tik liela, ka manas regul\u0101r\u0101k\u0101s fizisk\u0101s aktivit\u0101tes ir m\u0101j\u0101s, kad cen\u0161os vingrot un izkustin\u0101t savu \u0137ermeni.<\/p>\n<p><strong>&#8211; Da\u017ek\u0101rt, raugoties no malas uz bundziniekiem, \u0161\u0137iet, ka tas ir teju vai intens\u012bvs sporta treni\u0146\u0161&#8230;<\/strong><\/p>\n<p>&#8211; T\u0101 patie\u0161\u0101m ir. Gatavo\u0161an\u0101s koncertiem, pa\u0161i koncerti \u2013 bundzinieks pie sava instrumenta k\u0101 m\u0113\u0123in\u0101jumos, t\u0101 uzst\u0101joties pavada vismaz vair\u0101kas stundas, un tas prasa sal\u012bdzino\u0161i lielu slodzi. P\u0113c koncertiem nereti j\u016btos k\u0101 p\u0113c treni\u0146a \u2013 fiziski iztuk\u0161ots, t\u0101d\u0113\u013c p\u0113c katra koncerta man vienm\u0113r gribas \u0113st. (smejas). T\u0101pat \u0161aj\u0101 akt\u012bvaj\u0101 vasaras sezon\u0101, kad nereti viena vakara laik\u0101 man san\u0101k sp\u0113l\u0113t ar da\u017e\u0101diem sast\u0101viem, man ir svar\u012bgi par\u016bp\u0113ties par savu \u0137ermeni, regul\u0101ri apmekl\u0113jot masieri.<\/p>\n<p><strong>&#8211; Kas tev v\u0113l bez m\u016bzikas ikdien\u0101 sniedz iedvesmu?<\/strong><\/p>\n<p>&#8211; Mani motiv\u0113 saule, vasara, kop\u0101 pavad\u012btais laiks ar draugiem. Ja es jau esmu pavad\u012bjis savu darba dienu liel\u0101 ska\u013cum\u0101, uzst\u0101joties koncertos, tad man pat\u012bk br\u012bvaj\u0101 laik\u0101 atp\u016bsties klusum\u0101. Man kaimi\u0146os dz\u012bvo \u0123imene, kur\u0101 visi sp\u0113l\u0113 m\u016bzikas instrumentus, un es regul\u0101ri dzirdu vi\u0146u m\u0113\u0123in\u0101jumus, un tos ar\u012b \u013coti izbaudu.<\/p>\n<p><strong>&#8211; Tevi visbie\u017e\u0101k var redz\u0113t br\u012bv\u0101 stila ap\u0123\u0113rb\u0101. K\u0101di ir tavi person\u012bgie krit\u0113riji, izv\u0113loties ap\u0123\u0113rbu un apavus ikdienai un br\u012bv\u0101 laika aktivit\u0101t\u0113m?<\/strong><\/p>\n<p>&#8211; Jau vair\u0101kus gadus mans iecien\u012bt\u0101kais un \u0113rt\u0101kais ap\u0123\u0113rba gabals ir treni\u0146bikses. Uzskatu, ka t\u0101s ir vis\u0113rt\u0101k\u0101s bikses pasaul\u0113, man taj\u0101s ir \u0113rti ar\u012b koncert\u0113t. Man pat\u012bk skeitborda stils \u2013 gan \u0113rtuma zi\u0146\u0101, gan saturiski. Lai gan man m\u0101j\u0101s ir ar\u012b uzvalks, es neesmu to vilcis daudzus gadus, palieku uztic\u012bgs br\u012bv\u0101 stila ap\u0123\u0113rbam.<img loading=\"lazy\" decoding=\"async\" class=\"size-full wp-image-27769 alignnone\" src=\"https:\/\/www.sportlandmagazine.com\/lat\/wp-content\/uploads\/2019\/07\/Sportland_2019_Arturs_Pavlovs-2-of-6.jpg\" alt=\"\" width=\"3352\" height=\"5028\" srcset=\"https:\/\/sportland.lv\/magazine\/wp-content\/uploads\/2019\/07\/Sportland_2019_Arturs_Pavlovs-2-of-6.jpg 3352w, https:\/\/sportland.lv\/magazine\/wp-content\/uploads\/2019\/07\/Sportland_2019_Arturs_Pavlovs-2-of-6-400x600.jpg 400w, https:\/\/sportland.lv\/magazine\/wp-content\/uploads\/2019\/07\/Sportland_2019_Arturs_Pavlovs-2-of-6-768x1152.jpg 768w, https:\/\/sportland.lv\/magazine\/wp-content\/uploads\/2019\/07\/Sportland_2019_Arturs_Pavlovs-2-of-6-800x1200.jpg 800w\" sizes=\"auto, (max-width: 3352px) 100vw, 3352px\" \/><\/p>\n<p><em>Teksts: Liene P\u0101l\u0113na. Foto: Art\u016brs Pavlovs.<\/em><\/p>\n","protected":false},"excerpt":{"rendered":"<p>Grupas \u201cTri\u0101nas Parks\u201d budzinieks Edgars Vi\u013cums nebaid\u0101s at\u0161\u0137irties. Vi\u0146\u0161 lau\u017e stereotipus atz\u012bstot gan to, ka m\u0101j\u0101s p\u0113c koncertiem vislabpr\u0101t\u0101k bauda\u2026<\/p>\n","protected":false},"author":9,"featured_media":27770,"comment_status":"open","ping_status":"open","sticky":false,"template":"","format":"standard","meta":{"_acf_changed":false,"footnotes":""},"categories":[380],"tags":[8,398,194],"class_list":["post-27768","post","type-post","status-publish","format-standard","has-post-thumbnail","hentry","category-intervija","tag-intervija","tag-personiba","tag-vasara"],"acf":[],"_links":{"self":[{"href":"https:\/\/sportland.lv\/magazine\/wp-json\/wp\/v2\/posts\/27768","targetHints":{"allow":["GET"]}}],"collection":[{"href":"https:\/\/sportland.lv\/magazine\/wp-json\/wp\/v2\/posts"}],"about":[{"href":"https:\/\/sportland.lv\/magazine\/wp-json\/wp\/v2\/types\/post"}],"author":[{"embeddable":true,"href":"https:\/\/sportland.lv\/magazine\/wp-json\/wp\/v2\/users\/9"}],"replies":[{"embeddable":true,"href":"https:\/\/sportland.lv\/magazine\/wp-json\/wp\/v2\/comments?post=27768"}],"version-history":[{"count":2,"href":"https:\/\/sportland.lv\/magazine\/wp-json\/wp\/v2\/posts\/27768\/revisions"}],"predecessor-version":[{"id":27772,"href":"https:\/\/sportland.lv\/magazine\/wp-json\/wp\/v2\/posts\/27768\/revisions\/27772"}],"wp:featuredmedia":[{"embeddable":true,"href":"https:\/\/sportland.lv\/magazine\/wp-json\/wp\/v2\/media\/27770"}],"wp:attachment":[{"href":"https:\/\/sportland.lv\/magazine\/wp-json\/wp\/v2\/media?parent=27768"}],"wp:term":[{"taxonomy":"category","embeddable":true,"href":"https:\/\/sportland.lv\/magazine\/wp-json\/wp\/v2\/categories?post=27768"},{"taxonomy":"post_tag","embeddable":true,"href":"https:\/\/sportland.lv\/magazine\/wp-json\/wp\/v2\/tags?post=27768"}],"curies":[{"name":"wp","href":"https:\/\/api.w.org\/{rel}","templated":true}]}}