{"id":5582,"date":"2016-04-04T15:59:48","date_gmt":"2016-04-04T12:59:48","guid":{"rendered":"http:\/\/spomag-lv.localhost\/?p=5582"},"modified":"2016-04-05T17:35:59","modified_gmt":"2016-04-05T14:35:59","slug":"mehaniskie-jatnieki","status":"publish","type":"post","link":"https:\/\/sportland.lv\/magazine\/mehaniskie-jatnieki\/","title":{"rendered":"Meh\u0101niskie j\u0101tnieki"},"content":{"rendered":"<h4><strong>Mat\u012bss Karro:<\/strong><\/h4>\n<p>\u201cIepriek\u0161\u0113j\u0101 sezon\u0101 vair\u0101k koncentr\u0113jos uz Anglijas un Latvijas \u010dempion\u0101tiem un da\u017e\u0101du iemeslu d\u0113\u013c nestart\u0113ju pasaules \u010dempion\u0101t\u0101. T\u0101p\u0113c teik\u0161u t\u0101: sezonu v\u0113rt\u0113ju k\u0101 apmierino\u0161u, ta\u010du ne tik baud\u0101mu un izdevu\u0161os, k\u0101 pa\u0161am to grib\u0113tos. Bija liels prieks atr\u0101d\u012bties saviem faniem un izbaud\u012bt \u0161o sacens\u012bbu gaisotni. T\u0101pat man bija iesp\u0113ja nov\u0113rt\u0113t un saprast to l\u012bmeni, kur\u0101 es biju agr\u0101k, ar to l\u012bmeni, kur\u0101 es biju iepriek\u0161\u0113j\u0101 sezon\u0101. Sapratu, ka v\u0113los pier\u0101d\u012bt sevi visai pasaulei un atgriezties. V\u0113l vair\u0101k \u0161o ap\u0146\u0113m\u012bbu stiprin\u0101ja tas, ka pa\u0161\u0101s sezonas beig\u0101s N\u0101ciju kaus\u0101 izdev\u0101s sevi labi par\u0101d\u012bt.<br \/> Tagad man ir jauns l\u012bgums un es atgrie\u017eos pasaules \u010dempion\u0101t\u0101. Man atkal ir motiv\u0101cija, c\u012b\u0146asspars un v\u0113l\u0113\u0161an\u0101s start\u0113t. Tehnika ir laba, esmu lab\u0101 fiziskaj\u0101 form\u0101, t\u0101p\u0113c dom\u0101ju\u00a0\u2013 b\u016b\u0161u profesion\u0101li sagatavojies, lai atgrieztos pasaules l\u012bmen\u012b. Mans m\u0113r\u0137is ir ielauzties pirmaj\u0101 desmitniek\u0101. L\u012bdz \u0161im lab\u0101kais rezult\u0101ts ir bijusi tr\u012bspadsmit\u0101 vieta, un uzskatu, ka man b\u016bs pa sp\u0113kam \u0161o rezult\u0101tu uzlabot. Galvenais\u00a0\u2013 jau sezonas s\u0101kum\u0101 pa\u0161am sak\u0101rtot galvu, nesadegt un dar\u012bt visu soli pa solim. Ja gad\u0101s k\u0101da neveiksme, uzreiz nenolaist degunu un iet t\u0101l\u0101k. Es esmu daudz str\u0101d\u0101jis, t\u0101p\u0113c j\u016btos p\u0101rliecin\u0101ts\u00a0\u2013 rezult\u0101ti atn\u0101ks. \u0160aj\u0101 sezon\u0101 v\u0113los pier\u0101d\u012bt, ka esmu c\u012bn\u012bt\u0101js un varu labi nobraukt. Kad tas izdosies\u00a0\u2013 tad skat\u012b\u0161os t\u0101l\u0101k. K\u0101 jau teicu: es v\u0113los iet uz priek\u0161u soli pa solim. Mans liel\u0101kais m\u0113r\u0137is un augst\u0101kais sapnis, protams, ir uzvara pasaules \u010dempion\u0101t\u0101.\u201d<\/p>\n<figure id=\"attachment_5638\" aria-describedby=\"caption-attachment-5638\" style=\"width: 4928px\" class=\"wp-caption aligncenter\"><a href=\"http:\/\/sportlandmagazine.com\/lat\/wp-content\/uploads\/2016\/04\/Portrait_Karro_DSC_5076-C.jpg\" class=\"img-link\" ><img loading=\"lazy\" decoding=\"async\" class=\"normal size-full wp-image-5638\" src=\"http:\/\/sportlandmagazine.com\/lat\/wp-content\/uploads\/2016\/04\/Portrait_Karro_DSC_5076-C.jpg\" alt=\"Foto: Bavo Swijgers\" width=\"4928\" height=\"3280\" srcset=\"https:\/\/sportland.lv\/magazine\/wp-content\/uploads\/2016\/04\/Portrait_Karro_DSC_5076-C.jpg 4928w, https:\/\/sportland.lv\/magazine\/wp-content\/uploads\/2016\/04\/Portrait_Karro_DSC_5076-C-300x200.jpg 300w, https:\/\/sportland.lv\/magazine\/wp-content\/uploads\/2016\/04\/Portrait_Karro_DSC_5076-C-1024x682.jpg 1024w, https:\/\/sportland.lv\/magazine\/wp-content\/uploads\/2016\/04\/Portrait_Karro_DSC_5076-C-1500x998.jpg 1500w, https:\/\/sportland.lv\/magazine\/wp-content\/uploads\/2016\/04\/Portrait_Karro_DSC_5076-C-740x493.jpg 740w\" sizes=\"auto, (max-width: 4928px) 100vw, 4928px\" \/><\/a><figcaption id=\"caption-attachment-5638\" class=\"wp-caption-text\">Foto: Bavo Swijgers<\/figcaption><\/figure>\n<h4><strong>Pauls Jonass:<\/strong><\/h4>\n<p>\u201cIepriek\u0161\u0113j\u0101 sezona man izv\u0113rt\u0101s \u013coti, \u013coti veiksm\u012bga. God\u012bgi sakot, pirms t\u0101s nevien\u0101 br\u012bd\u012b nebiju pat cer\u0113jis, ka izdosies tik veiksm\u012bgi nostart\u0113t un ka vieta sezonas beig\u0101s b\u016bs tik augsta. Bez \u0161aub\u0101m, es ieguld\u012bju \u013coti lielu darbu, un parasti ir t\u0101 \u2013 ja tas lielais darbs ir ieguld\u012bts, rezult\u0101tam agri vai v\u0113lu ir j\u0101b\u016bt. Man san\u0101ca agr\u0101k. Turkl\u0101t \u013coti daudz pal\u012bdz\u0113ja treneris Stefans Everts. <br \/> Pirms sezonas ne man, ne trenerim nebija m\u0113r\u0137a nok\u013c\u016bt uz goda pjedest\u0101la. M\u0113r\u0137is bija m\u0101c\u012bties. M\u0101c\u012bties no citiem pasaules lab\u0101kajiem sportistiem, m\u0101c\u012bties no sacens\u012bbu gaisotnes, m\u0101c\u012bties no pa\u0161a pie\u013cautaj\u0101m k\u013c\u016bd\u0101m. Savuk\u0101rt \u0161ogad mans m\u0113r\u0137is ir nostiprin\u0101ties pasaules top\u0101, pierast pie t\u0101 \u0101truma, kas ir man apk\u0101rt. Pag\u0101ju\u0161aj\u0101 gad\u0101 tas viss tom\u0113r bija diezgan neierasti, pat bija t\u0101ds k\u0101 \u0161oka moments, kad redz\u0113ju, cik \u0101tri visi apk\u0101rt brauc. Es pat teiktu t\u0101: atsevi\u0161\u0137os gad\u012bjumos es nemaz nebiju gatavs braukt tik \u0101tri, k\u0101 to re\u0101li dar\u012bju. Lai gan sezona bija patie\u0161\u0101m izdevusies, man tik un t\u0101 bija da\u017eas \u013coti labas un veiksm\u012bgas sacens\u012bbas un da\u017eas ne tik labas un ne tik veiksm\u012bgas sacens\u012bbas. T\u0101p\u0113c galvenais \u0161\u012bssezonas m\u0113r\u0137is b\u016bs stabilit\u0101tes ieg\u016b\u0161ana. Vai man netrauc\u0113s trenera mai\u0146a, jo Everts ir p\u0101rg\u0101jis uz citu komandu? N\u0113, tas neko neietekm\u0113s, to es nemaz t\u0101 nej\u016btu. Zinu, kas man ir j\u0101izdara, zinu, ko varu un k\u0101di ir mani m\u0113r\u0137i, un uz to es ar\u012b eju. Ticu, ka man viss izdosies.\u201d<\/p>\n<figure id=\"attachment_5586\" aria-describedby=\"caption-attachment-5586\" style=\"width: 479px\" class=\"wp-caption aligncenter\"><a href=\"http:\/\/sportlandmagazine.com\/lat\/wp-content\/uploads\/2016\/04\/Pauls-Jonass.jpg\" class=\"img-link\" ><img loading=\"lazy\" decoding=\"async\" class=\"normal size-full wp-image-5586\" src=\"http:\/\/sportlandmagazine.com\/lat\/wp-content\/uploads\/2016\/04\/Pauls-Jonass.jpg\" alt=\"Foto: J\u0101nis Pastars\" width=\"479\" height=\"592\" srcset=\"https:\/\/sportland.lv\/magazine\/wp-content\/uploads\/2016\/04\/Pauls-Jonass.jpg 479w, https:\/\/sportland.lv\/magazine\/wp-content\/uploads\/2016\/04\/Pauls-Jonass-243x300.jpg 243w\" sizes=\"auto, (max-width: 479px) 100vw, 479px\" \/><\/a><figcaption id=\"caption-attachment-5586\" class=\"wp-caption-text\">Foto: J\u0101nis Pastars<\/figcaption><\/figure>\n<h4><strong>Kaspars Stupelis:<\/strong><\/h4>\n<p>\u201cIepriek\u0161\u0113j\u0101 sezon\u0101 man bija \u013coti laba. Ta\u010du es vien\u012bgais zinu to garo ce\u013cu, kuru esmu nog\u0101jis, lai t\u0101 b\u016btu tik laba. \u0160is man bija jau tre\u0161ais pasaules \u010dempiona tituls un laikam pats gr\u016bt\u0101kais. Ta\u010du, no otras puses, \u0161aj\u0101 sezon\u0101 nek\u0101das liel\u0101s traumas neguvu, tehnika iztur\u0113ja, jutos fiziski stiprs, t\u0101p\u0113c ar\u012b izdev\u0101s uzvar\u0113t. Turkl\u0101t nodro\u0161in\u0101j\u0101m pasaules \u010dempionu titulu jau vienu posmu pirms sezonas beig\u0101m, kas noz\u012bm\u0113 \u2013 bija izdevies ieg\u016bt zin\u0101mu p\u0101rsvaru p\u0101r tuv\u0101kajiem konkurentiem. <br \/> Tagad man\u0101 dz\u012bv\u0113 un karjer\u0101 notiku\u0161as lielas p\u0101rmai\u0146as. Esmu nomain\u012bjis komandu, man ir cits <em>mocis<\/em>, un viss ir pavisam cit\u0101di. Man ir ar\u012b cits brauc\u0113js\u00a0\u2013 be\u013c\u0123is Bens Adriansens, kas ir divk\u0101rt\u0113js pasaules \u010dempions. Esmu ap\u0146\u0113m\u012bbas pilns turpin\u0101t iet pa uzvaru ce\u013cu. God\u012bgi sakot, ja neb\u016btu \u0161\u0101 pied\u0101v\u0101juma, es, visticam\u0101k, beigtu karjeru. Man ir jau tr\u012bsdesmit tr\u012bs gadi, un sisties par desmitaj\u0101m viet\u0101m nav ne v\u0113l\u0113\u0161an\u0101s, ne patikas. Ta\u010du \u0161eit ir re\u0101la iesp\u0113ja c\u012bn\u012bties par pirmo trijnieku, t\u0101p\u0113c nol\u0113mu palikt motosport\u0101. Nesaku, ka man viss izdosies un noteikti atkal b\u016b\u0161u pasaules \u010dempions, ta\u010du tic\u012bba, ap\u0146\u0113m\u012bba un p\u0101rliec\u012bba man ir. M\u0113r\u0137is ir \u010dempiona tituls, un t\u0101ds tas man ir bijis vienm\u0113r, cik sevi visp\u0101r atceros. Profesion\u0101laj\u0101 sport\u0101 jau visp\u0101r, ja tev nav augstu m\u0113r\u0137u, nav nek\u0101das j\u0113gas piedal\u012bties. Profesion\u0101lais sports ir ne\u017e\u0113l\u012bgs \u2013 ja esi taj\u0101 iek\u0161\u0101, m\u0113r\u0137im vienm\u0113r j\u0101b\u016bt tikai un vien\u012bgi uzvarai.\u201d<\/p>\n<figure id=\"attachment_5587\" aria-describedby=\"caption-attachment-5587\" style=\"width: 4288px\" class=\"wp-caption aligncenter\"><a href=\"http:\/\/sportlandmagazine.com\/lat\/wp-content\/uploads\/2016\/04\/Stupelis.jpg\" class=\"img-link\" ><img loading=\"lazy\" decoding=\"async\" class=\"normal size-full wp-image-5587\" src=\"http:\/\/sportlandmagazine.com\/lat\/wp-content\/uploads\/2016\/04\/Stupelis.jpg\" alt=\"Foto: J\u0101nis Pastars\" width=\"4288\" height=\"2848\" srcset=\"https:\/\/sportland.lv\/magazine\/wp-content\/uploads\/2016\/04\/Stupelis.jpg 4288w, https:\/\/sportland.lv\/magazine\/wp-content\/uploads\/2016\/04\/Stupelis-300x199.jpg 300w, https:\/\/sportland.lv\/magazine\/wp-content\/uploads\/2016\/04\/Stupelis-1024x680.jpg 1024w, https:\/\/sportland.lv\/magazine\/wp-content\/uploads\/2016\/04\/Stupelis-1500x996.jpg 1500w, https:\/\/sportland.lv\/magazine\/wp-content\/uploads\/2016\/04\/Stupelis-740x491.jpg 740w\" sizes=\"auto, (max-width: 4288px) 100vw, 4288px\" \/><\/a><figcaption id=\"caption-attachment-5587\" class=\"wp-caption-text\">Foto: J\u0101nis Pastars<\/figcaption><\/figure>\n","protected":false},"excerpt":{"rendered":"<p>Mat\u012bss Karro: \u201cIepriek\u0161\u0113j\u0101 sezon\u0101 vair\u0101k koncentr\u0113jos uz Anglijas un Latvijas \u010dempion\u0101tiem un da\u017e\u0101du iemeslu d\u0113\u013c nestart\u0113ju pasaules \u010dempion\u0101t\u0101. T\u0101p\u0113c teik\u0161u\u2026<\/p>\n","protected":false},"author":9,"featured_media":5585,"comment_status":"open","ping_status":"open","sticky":false,"template":"","format":"standard","meta":{"_acf_changed":false,"footnotes":""},"categories":[133],"tags":[68],"class_list":["post-5582","post","type-post","status-publish","format-standard","has-post-thumbnail","hentry","category-zurnals-vasara-2016","tag-motokross"],"acf":[],"_links":{"self":[{"href":"https:\/\/sportland.lv\/magazine\/wp-json\/wp\/v2\/posts\/5582","targetHints":{"allow":["GET"]}}],"collection":[{"href":"https:\/\/sportland.lv\/magazine\/wp-json\/wp\/v2\/posts"}],"about":[{"href":"https:\/\/sportland.lv\/magazine\/wp-json\/wp\/v2\/types\/post"}],"author":[{"embeddable":true,"href":"https:\/\/sportland.lv\/magazine\/wp-json\/wp\/v2\/users\/9"}],"replies":[{"embeddable":true,"href":"https:\/\/sportland.lv\/magazine\/wp-json\/wp\/v2\/comments?post=5582"}],"version-history":[{"count":4,"href":"https:\/\/sportland.lv\/magazine\/wp-json\/wp\/v2\/posts\/5582\/revisions"}],"predecessor-version":[{"id":5640,"href":"https:\/\/sportland.lv\/magazine\/wp-json\/wp\/v2\/posts\/5582\/revisions\/5640"}],"wp:featuredmedia":[{"embeddable":true,"href":"https:\/\/sportland.lv\/magazine\/wp-json\/wp\/v2\/media\/5585"}],"wp:attachment":[{"href":"https:\/\/sportland.lv\/magazine\/wp-json\/wp\/v2\/media?parent=5582"}],"wp:term":[{"taxonomy":"category","embeddable":true,"href":"https:\/\/sportland.lv\/magazine\/wp-json\/wp\/v2\/categories?post=5582"},{"taxonomy":"post_tag","embeddable":true,"href":"https:\/\/sportland.lv\/magazine\/wp-json\/wp\/v2\/tags?post=5582"}],"curies":[{"name":"wp","href":"https:\/\/api.w.org\/{rel}","templated":true}]}}