{"id":9825,"date":"2016-06-03T18:11:39","date_gmt":"2016-06-03T15:11:39","guid":{"rendered":"http:\/\/spomag-lv.localhost\/?p=9825"},"modified":"2017-02-05T13:51:44","modified_gmt":"2017-02-05T11:51:44","slug":"eiropas-mtb-cempionats-sigulda-uznem-baltija-neredzeti-augstas-klases-ritenbraucejus","status":"publish","type":"post","link":"https:\/\/sportland.lv\/magazine\/eiropas-mtb-cempionats-sigulda-uznem-baltija-neredzeti-augstas-klases-ritenbraucejus\/","title":{"rendered":"Eiropas MTB \u010dempion\u0101ts Siguld\u0101 uz\u0146em Baltij\u0101 neredz\u0113ti augstas klases rite\u0146brauc\u0113jus"},"content":{"rendered":"<figure id=\"attachment_9826\" aria-describedby=\"caption-attachment-9826\" style=\"width: 1170px\" class=\"wp-caption aligncenter\"><img loading=\"lazy\" decoding=\"async\" class=\"normal size-fullslideshownc wp-image-9826\" src=\"http:\/\/sportlandmagazine.com\/lat\/wp-content\/uploads\/2016\/06\/Pirms-Eiropas-chemp-3494-1500x998.jpg\" alt=\"Teksts: Mat\u012bss Vecvagaris, foto: velo.lv\" width=\"1170\" height=\"778\" srcset=\"https:\/\/sportland.lv\/magazine\/wp-content\/uploads\/2016\/06\/Pirms-Eiropas-chemp-3494-1500x998.jpg 1500w, https:\/\/sportland.lv\/magazine\/wp-content\/uploads\/2016\/06\/Pirms-Eiropas-chemp-3494-300x200.jpg 300w, https:\/\/sportland.lv\/magazine\/wp-content\/uploads\/2016\/06\/Pirms-Eiropas-chemp-3494-768x511.jpg 768w, https:\/\/sportland.lv\/magazine\/wp-content\/uploads\/2016\/06\/Pirms-Eiropas-chemp-3494-1024x681.jpg 1024w, https:\/\/sportland.lv\/magazine\/wp-content\/uploads\/2016\/06\/Pirms-Eiropas-chemp-3494-740x492.jpg 740w, https:\/\/sportland.lv\/magazine\/wp-content\/uploads\/2016\/06\/Pirms-Eiropas-chemp-3494.jpg 2000w\" sizes=\"auto, (max-width: 1170px) 100vw, 1170px\" \/><figcaption id=\"caption-attachment-9826\" class=\"wp-caption-text\">Teksts: Mat\u012bss Vecvagaris, foto: velo.lv<\/figcaption><\/figure>\n<p>Eiropas \u010dempion\u0101ts MTB maraton\u0101 b\u016bs Latvijas noz\u012bm\u012bg\u0101k\u0101s kalnu rite\u0146brauk\u0161anas sacens\u012bbas \u0161aj\u0101 sezon\u0101, k\u0101 ar\u012b viens no gada liel\u0101kajiem sporta notikumiem valst\u012b. Tik augsta l\u012bme\u0146a kalnu rite\u0146brauk\u0161anas sacens\u012bbas &#8211; <a href=\"http:\/\/sportlandmagazine.com\/lat\/pirmo-reizi-latvija-noskaidros-eiropas-cempionus-mtb-ritenbrauksana\/\">UCI kontinent\u0101lais \u010dempion\u0101ts<\/a>\u00a0&#8211; Latvij\u0101 notiek pirmo reizi un katram ir iesp\u0113ja 5.j\u016bnij\u0101 v\u0113rot t\u0101s kl\u0101tien\u0113.<\/p>\n<p><img loading=\"lazy\" decoding=\"async\" class=\"normal aligncenter size-full wp-image-9831\" src=\"http:\/\/sportlandmagazine.com\/lat\/wp-content\/uploads\/2016\/06\/20150705_1019101.jpg.1000x1000_q85.jpg\" alt=\"\" width=\"750\" height=\"1000\" srcset=\"https:\/\/sportland.lv\/magazine\/wp-content\/uploads\/2016\/06\/20150705_1019101.jpg.1000x1000_q85.jpg 750w, https:\/\/sportland.lv\/magazine\/wp-content\/uploads\/2016\/06\/20150705_1019101.jpg.1000x1000_q85-225x300.jpg 225w, https:\/\/sportland.lv\/magazine\/wp-content\/uploads\/2016\/06\/20150705_1019101.jpg.1000x1000_q85-740x987.jpg 740w\" sizes=\"auto, (max-width: 750px) 100vw, 750px\" \/><\/p>\n<p>Brauc\u0113ji distanc\u0113 saskarsies gan ar \u0161aur\u0101m me\u017ea taci\u0146\u0101m, gan ar p\u013cav\u0101m, veiks k\u0101pumus un b\u016bs nobraucieni. Eiropas \u010dempion\u0101ta 103 kilometru gar\u0101 distance trijos ap\u013cos v\u012bsies pa Gaujas senleju Siguldas apk\u0101rtn\u0113 un t\u0101s dal\u012bbniekiem b\u016bs j\u0101p\u0101rvar ar\u012b 1800 k\u0101puma metru summa. Da\u013ca no braucieniem pret kalnu b\u016bs st\u0101v\u0101ki, k\u0101 cit\u0101s valst\u012bs pieredz\u0113ts, sola sacens\u012bbu r\u012bkot\u0101ji. Fini\u0161\u0101 dal\u012bbniekus sagaid\u012bs Siguldas sacens\u012bbu tradicion\u0101lais saldais \u0113diens \u2013 nosl\u0113dzo\u0161ais k\u0101pums Gaujas kaln\u0101. Elites sievie\u0161u rite\u0146brauc\u0113jas divos ap\u013cos dosies 80 kilometru gar\u0101 distanc\u0113.<\/p>\n<p>Trase ved\u012bs cauri viet\u0101m, kuras \u0161\u0137ietami nav savienojamas ar augst\u0101k\u0101 l\u012bme\u0146a sportu vai pat ikdienas rite\u0146brauk\u0161anu, pirmsstarta preses konferenc\u0113 nor\u0101d\u012bja Siguldas domes priek\u0161s\u0113d\u0113t\u0101js U\u0123is Mitrevics.<\/p>\n<blockquote>\n<p>\u201cIntrigu sacens\u012bb\u0101m dos brauk\u0161ana ikdien\u0101 sl\u0113gt\u0101s viet\u0101s, k\u0101 Bobsleja un kamani\u0146u trase, kalnu sl\u0113po\u0161anas trase, b\u016bs j\u0101brauc cauri pilij, Livonijas pilij, b\u016bs iesp\u0113ja braukt gar Kar\u0101tavu kalni\u0146u.<\/p>\n<\/blockquote>\n<p>Tras\u0113 ir daudz nian\u0161u, t\u0101p\u0113c t\u0101 ir \u013coti interesanta,\u201d skaidro Mitr\u0113vics, kur\u0161 pats ir velosacens\u012bbu cien\u012bt\u0101js un p\u0113rn pats piedal\u012bjies MTB Eiropas \u010dempion\u0101t\u0101 V\u0101cij\u0101, t\u0101d\u0113j\u0101di g\u016bstot pieredzi pirms \u0161\u0101da l\u012bme\u0146a sacens\u012bbu uz\u0146em\u0161anas Siguld\u0101.<\/p>\n<p>\u201cLatvija varb\u016bt gandar\u012bta par doto uztic\u012bbu, t\u0101p\u0113c atliek sportistiem tikai apliecin\u0101t m\u0101jinieku priek\u0161roc\u012bbas. Beidzot Sigulda sevi apliecin\u0101s k\u0101 kalnain\u0101kais apvidus un ikviens interesents var\u0113s p\u0101rliecin\u0101ties par to, k\u0101 sportisti piev\u0101r\u0113 k\u0101pumus Gaujas senlej\u0101. Brauc\u0113jiem, ar\u012b \u00a0pasaules MTB zvaigzn\u0113m Siguldas trase b\u016bs liels izaicin\u0101jums, t\u0101p\u0113c sacens\u012bbas sol\u0101s b\u016bt \u013coti interesantas.\u201d<\/p>\n<p><img loading=\"lazy\" decoding=\"async\" class=\"normal aligncenter size-full wp-image-9832\" src=\"http:\/\/sportlandmagazine.com\/lat\/wp-content\/uploads\/2016\/06\/img_9554-large.jpg.1000x1000_q85.jpg\" alt=\"\" width=\"1000\" height=\"667\" srcset=\"https:\/\/sportland.lv\/magazine\/wp-content\/uploads\/2016\/06\/img_9554-large.jpg.1000x1000_q85.jpg 1000w, https:\/\/sportland.lv\/magazine\/wp-content\/uploads\/2016\/06\/img_9554-large.jpg.1000x1000_q85-300x200.jpg 300w, https:\/\/sportland.lv\/magazine\/wp-content\/uploads\/2016\/06\/img_9554-large.jpg.1000x1000_q85-768x512.jpg 768w, https:\/\/sportland.lv\/magazine\/wp-content\/uploads\/2016\/06\/img_9554-large.jpg.1000x1000_q85-740x494.jpg 740w\" sizes=\"auto, (max-width: 1000px) 100vw, 1000px\" \/><\/p>\n<p>Starp 20 valstu p\u0101rst\u0101vjiem Siguld\u0101 start\u0113s ar\u012b 82 pa\u0161m\u0101ju brauc\u0113ji, no kuriem par liel\u0101kajiem favor\u012btiem Eiropas \u010dempion\u0101t\u0101 uzskat\u0101mi Mat\u012bss Preimanis, Arnis P\u0113tersons, M\u0101rti\u0146\u0161 Bl\u016bms, Andris Vosekalns, M\u0101ris Bogdanovi\u010ds, Toms Skuji\u0146\u0161, Oskars Mui\u017enieks, P\u0113teris Janevics un Raivis Z\u012bmelis.<\/p>\n<p>Lai ar\u012b MTB maratoni vairs nav Latvijas profesion\u0101l\u0101 rite\u0146brauc\u0113ja Toma Skuji\u0146a iecien\u012bt\u0101k\u0101s velosacens\u012bbas un MTB tiek start\u0113ts p\u0101ris reizes gad\u0101, vi\u0146\u0161 no savas komandas sa\u0146\u0113mis at\u013cauju piedal\u012bties Eiropas MTB \u010dempion\u0101t\u0101 un, protams, to izmantos:<\/p>\n<blockquote>\n<p>\u201c\u0160ogad uz MTB velosip\u0113da esmu nobraucis k\u0101dus 150 kilometrus, tom\u0113r vienu divas reizes gad\u0101 piedalos ar\u012b \u0161\u0101da veida sacens\u012bb\u0101s.<\/p>\n<\/blockquote>\n<p>Trase b\u016bs aizraujo\u0161a, jo b\u016bs iesp\u0113ja izpausties gan tehniskajiem brauc\u0113jiem, gan ne tik tehniskajiem. Prognoz\u0113ju, ka izmai\u0146as l\u012bderu pulk\u0101 var\u0113tu b\u016bt ik p\u0113c k\u0101diem 20 kilometriem. Kalnu p\u0101rvar\u0113\u0161ana noteikti b\u016bs liels izaicin\u0101jums visiem, tas ir person\u012bgi p\u0101rbaud\u012bts. Lai gan \u0161\u012bs man nav sezonas svar\u012bg\u0101k\u0101s sacens\u012bb\u0101s neesmu sev izvirz\u012bjis konkr\u0113tu m\u0113r\u0137i, tom\u0113r cent\u012b\u0161os nepievilt m\u0101jiniekus.\u201d<\/p>\n<p><iframe loading=\"lazy\" title=\"Toms Skuji\u0146\u0161: Pasaules \u010dempion\u0101ts, olimpisk\u0101s sp\u0113les t\u0101s ir sacens\u012bbas ko es v\u0113l\u0113tos uzvar\u0113t\" width=\"500\" height=\"281\" src=\"https:\/\/www.youtube.com\/embed\/HZO76p7bkYY?feature=oembed\" frameborder=\"0\" allow=\"accelerometer; autoplay; clipboard-write; encrypted-media; gyroscope; picture-in-picture; web-share\" referrerpolicy=\"strict-origin-when-cross-origin\" allowfullscreen><\/iframe><\/p>\n<p>Lai ar\u012b Skuji\u0146\u0161 par sevi izsak\u0101s pietic\u012bgi, cits Latvijas kalnu rite\u0146brauc\u0113js Arnis P\u0113tersons liel\u0101k\u0101s cer\u012bbas Eiropas \u010dempion\u0101ta tras\u0113 starp m\u0101jiniekiem liek tie\u0161i uz siguldieti Tomu Skuji\u0146u:<\/p>\n<p>\u201cPrieks, ka beidzot Latvij\u0101 b\u016bs tik augsta l\u012bme\u0146a kalnu rite\u0146brauk\u0161anas sv\u0113tki. Pac\u012bn\u012bties b\u016bs iesp\u0113jams visiem, jo trase ir paroc\u012bga da\u017e\u0101da stila brauc\u0113jiem \u2013 ir gan k\u0101pumi, gan l\u012bdzenumi, t\u0101p\u0113c neko neprognoz\u0113\u0161u, viss ir iesp\u0113jams. Latvij\u0101 ieradu\u0161ies augsta l\u012bme\u0146a profesion\u0101\u013ci, t\u0101p\u0113c \u0161is starts man b\u016bs liels izaicin\u0101jums. Run\u0101jot par Latvijas sportistiem, es lielas cer\u012bbas saistu ar Tomu Skuji\u0146u, jo trase ir vi\u0146am paroc\u012bga un vi\u0146\u0161 ir lab\u0101 form\u0101. Pats cent\u012b\u0161os notur\u0113ties l\u012bderu pulk\u0101, bet neesmu v\u0113l p\u0101rliecin\u0101ts par sav\u0101m sp\u0113j\u0101m, jo vair\u0101k tom\u0113r esmu tren\u0113jies \u012bs\u0101k\u0101m distanc\u0113m.<\/p>\n<blockquote>\n<p>\u00a0P\u0113d\u0113jo gadu Latvijas brauc\u0113ju liel\u0101kie pan\u0101kumi Eiropas \u010dempion\u0101t\u0101 MTB maraton\u0101 biju\u0161i Ivandas Eidukas 3.vieta 2009.gad\u0101, Erv\u012bna Smo\u013cina 9.vieta 2008.gad\u0101, Leldes Ardavas 12.vieta 2009.gad\u0101, Danas Ro\u017elapas 12.vieta 2013.gad\u0101, Did\u017ea Prauli\u0146a 14.vieta 2008.gada un Normunda Zviedra 15.vieta 2009.gad\u0101.<\/p>\n<\/blockquote>\n<p>Titul\u0113t\u0101 Ivanda Eiduka un SEB MTB maratona sezonas l\u012bdere Lelde Ardava jau pasp\u0113ju\u0161as iepaz\u012bt trasi treni\u0146\u0101. \u201cBij\u0101m izbraucien\u0101 pa trasi ar biju\u0161o komandas biedreni Ivandu Eiduku, kura atbraukusi speci\u0101li uz Eiropas \u010dempion\u0101tu. Vi\u0146a teica, ka \u0161ie mazie, st\u0101vie uzbraucieni ir daudz smag\u0101ki, nek\u0101 k\u0101ds viens liels k\u0101pums. T\u0101p\u0113c b\u016bs gr\u016bti, \u013coti gr\u016bti,\u201d v\u0113rt\u0113 Ardava. \u201cMan tas b\u016bs liels izaicin\u0101jums, braukt sav\u0101s m\u0101j\u0101s. Tas, ka sacens\u012bbas b\u016bs m\u0101j\u0101s, uzliek lielu spiedienu. Visi gaid\u012bs no manis lielu rezult\u0101tu, bet neko negribu sol\u012bt. Cent\u012b\u0161os par\u0101d\u012bt lab\u0101ko sniegumu. Rite\u0146brauk\u0161ana ir tehnisks sporta veids, t\u0101p\u0113c neko nesolu un negribu ar\u012b prognoz\u0113t, jo nevar zin\u0101t, kas notiks ar riteni. Ja kaut kas notiek, nekad uzreiz nav iesp\u0113jams salabot, bet da\u017ereiz n\u0101kas ar \u0137ibel\u0113m saskarties l\u012bdz pat fini\u0161am.\u201d<\/p>\n<p><img loading=\"lazy\" decoding=\"async\" class=\"normal aligncenter size-full wp-image-9833\" src=\"http:\/\/sportlandmagazine.com\/lat\/wp-content\/uploads\/2016\/06\/img_7808.jpg.1000x1000_q85.jpg\" alt=\"\" width=\"1000\" height=\"667\" srcset=\"https:\/\/sportland.lv\/magazine\/wp-content\/uploads\/2016\/06\/img_7808.jpg.1000x1000_q85.jpg 1000w, https:\/\/sportland.lv\/magazine\/wp-content\/uploads\/2016\/06\/img_7808.jpg.1000x1000_q85-300x200.jpg 300w, https:\/\/sportland.lv\/magazine\/wp-content\/uploads\/2016\/06\/img_7808.jpg.1000x1000_q85-768x512.jpg 768w, https:\/\/sportland.lv\/magazine\/wp-content\/uploads\/2016\/06\/img_7808.jpg.1000x1000_q85-740x494.jpg 740w\" sizes=\"auto, (max-width: 1000px) 100vw, 1000px\" \/><\/p>\n<p>Eiropas \u010dempion\u0101ta distance \u0161oreiz b\u016bs ar\u012b SEB MTB maratona 3.posma \u201cToyota Hybrid\u201d sporta distance (103\/80 km), bet p\u0113c Eiropas \u010dempion\u0101ta tras\u0113 dosies SEB MTB sacens\u012bbu \u201cVir\u0161i-A\u201d tautas distances (36,6 km) un \u201cMammadaba\u201d Vesel\u012bbas brauciena (31,7 km) dal\u012bbnieki.<\/p>\n<p>P\u0113c milz\u012bg\u0101 ieguld\u012bt\u0101 darba, skatoties sinopti\u0137u prognoz\u0113s, par rite\u0146brauk\u0161anai piem\u0113rotajiem laikapst\u0101k\u013ciem, priec\u0101jas Eiropas MTB \u010dempion\u0101ta direktors IgoJapi\u0146\u0161:<\/p>\n<blockquote>\n<p>\u201cT\u0101da ranga sportisti Baltij\u0101 l\u012bdz \u0161im nav brauku\u0161i, t\u0101p\u0113c var dro\u0161i teikt, ka daudzajiem kalnu rite\u0146brauk\u0161anas entuziastiem \u0161is b\u016bs \u012bsts saldais \u0113diens. L\u012bdzjut\u0113jiem b\u016bs iesp\u0113ja v\u0113rot gan divk\u0101rt\u0113jos pasaules \u010dempionus, gan Eiropas \u010dempion\u0101ta meda\u013cniekus.<\/p>\n<\/blockquote>\n<p><iframe loading=\"lazy\" title=\"Intervija ar Igo Japi\u0146u\" width=\"500\" height=\"281\" src=\"https:\/\/www.youtube.com\/embed\/tghr447hh2A?feature=oembed\" frameborder=\"0\" allow=\"accelerometer; autoplay; clipboard-write; encrypted-media; gyroscope; picture-in-picture; web-share\" referrerpolicy=\"strict-origin-when-cross-origin\" allowfullscreen><\/iframe><\/p>\n<p>Sacens\u012bbu organizatori atg\u0101dina ar\u012b par iev\u0113rojamiem satiksmes ierobe\u017eojumiem, kas Eiropas MTB \u010dempion\u0101ta dien\u0101 gaid\u0101mi Siguld\u0101. Nekl\u0101tien\u0113 notieko\u0161o var\u0113s v\u0113rot ar\u012b mobil\u0101s lietotnes \u201cLMT Straume\u201dtie\u0161raid\u0113, kura sv\u0113tdien, 5.j\u016bnij\u0101 s\u0101ksies plkst.9.15.<\/p>\n<p>Ar sacens\u012bbu programmu, starta sarakstu un trases kart\u0113m iesp\u0113jams iepaz\u012bties velo.lv<\/p>\n<p><img loading=\"lazy\" decoding=\"async\" class=\"normal aligncenter size-fullslideshownc wp-image-9827\" src=\"http:\/\/sportlandmagazine.com\/lat\/wp-content\/uploads\/2016\/06\/Pirms-Eiropas-chemp-3499-1500x998.jpg\" alt=\"\" width=\"1170\" height=\"778\" srcset=\"https:\/\/sportland.lv\/magazine\/wp-content\/uploads\/2016\/06\/Pirms-Eiropas-chemp-3499-1500x998.jpg 1500w, https:\/\/sportland.lv\/magazine\/wp-content\/uploads\/2016\/06\/Pirms-Eiropas-chemp-3499-300x200.jpg 300w, https:\/\/sportland.lv\/magazine\/wp-content\/uploads\/2016\/06\/Pirms-Eiropas-chemp-3499-768x511.jpg 768w, https:\/\/sportland.lv\/magazine\/wp-content\/uploads\/2016\/06\/Pirms-Eiropas-chemp-3499-1024x681.jpg 1024w, https:\/\/sportland.lv\/magazine\/wp-content\/uploads\/2016\/06\/Pirms-Eiropas-chemp-3499-740x492.jpg 740w, https:\/\/sportland.lv\/magazine\/wp-content\/uploads\/2016\/06\/Pirms-Eiropas-chemp-3499.jpg 2000w\" sizes=\"auto, (max-width: 1170px) 100vw, 1170px\" \/><\/p>\n<p><strong>Pasaules rangs MTB maraton\u0101 v\u012briem pirms Eiropas \u010dempion\u0101ta Siguld\u0101<\/strong><\/p>\n<ol>\n<li>Urs Huber (\u0160veice) 570 punkti<\/li>\n<li>Frans Claes (Be\u013c\u0123ija) 361 punkti<\/li>\n<li>Samuele Porro (It\u0101lija) 350 punkti<\/li>\n<li>Alban Lakata (Austrija) 305 punkti<\/li>\n<li>Daniel Geismayr (Austrija) 290 punkti<\/li>\n<\/ol>\n<p><strong>Eiropas \u010dempioni v\u012brie\u0161iem MTB maraton\u0101 p\u0113d\u0113jo desmit gadu laik\u0101<\/strong><\/p>\n<p>2015.gad\u0101 Jaroslav Kullhaly (\u010cehijas Republika)<\/p>\n<p>2014.gad\u0101 Cristoph Sauser (\u0160veice)<\/p>\n<p>2013.gad\u0101 Alban Lakata (Austrija)<\/p>\n<p>2012.gad\u0101 Kristian Haynek (\u010cehijas Republika)<\/p>\n<p>2011.gad\u0101 Alexey Medvedev (Krievija)<\/p>\n<p>2010.gad\u0101 Ralpf Naf (\u0160veice)<\/p>\n<p>2009.gad\u0101 Allan Orass (Igaunija)<\/p>\n<p>2008.gad\u0101 Alban Lakata (Austrija)<\/p>\n<p>2007.gad\u0101 Cristoph Sauser (\u0160veice)<\/p>\n<p>2006.gad\u0101 Ralpf Naf (\u0160veice)<\/p>\n<p><strong>Eiropas \u010dempiones sieviet\u0113m MTB maraton\u0101 p\u0113d\u0113jo piecu gadu laik\u0101<\/strong><\/p>\n<p>2015.gad\u0101 Sabine Spitz (V\u0101cija)<\/p>\n<p>2014.gad\u0101 Tereza Hurikova (\u010cehijas Republika)<\/p>\n<p>2013.gad\u0101 Ester Suss (\u0160veice)<\/p>\n<p>2012.gad\u0101 Pia Sundstedt (Somija)<\/p>\n<p>2011.gad\u0101 Pia Sundstedt (Somija)<\/p>\n","protected":false},"excerpt":{"rendered":"<p>Eiropas \u010dempion\u0101ts MTB maraton\u0101 b\u016bs Latvijas noz\u012bm\u012bg\u0101k\u0101s kalnu rite\u0146brauk\u0161anas sacens\u012bbas \u0161aj\u0101 sezon\u0101, k\u0101 ar\u012b viens no gada liel\u0101kajiem sporta notikumiem\u2026<\/p>\n","protected":false},"author":9,"featured_media":9834,"comment_status":"open","ping_status":"open","sticky":false,"template":"","format":"standard","meta":{"_acf_changed":false,"footnotes":""},"categories":[1,318,456],"tags":[233,179,66,197,183],"class_list":["post-9825","post","type-post","status-publish","format-standard","has-post-thumbnail","hentry","category-uncategorized","category-velo","category-velosports","tag-eiropas-cempionats","tag-mtb","tag-ritenbrauksana","tag-seb-mtb-maratons","tag-sigulda"],"acf":[],"_links":{"self":[{"href":"https:\/\/sportland.lv\/magazine\/wp-json\/wp\/v2\/posts\/9825","targetHints":{"allow":["GET"]}}],"collection":[{"href":"https:\/\/sportland.lv\/magazine\/wp-json\/wp\/v2\/posts"}],"about":[{"href":"https:\/\/sportland.lv\/magazine\/wp-json\/wp\/v2\/types\/post"}],"author":[{"embeddable":true,"href":"https:\/\/sportland.lv\/magazine\/wp-json\/wp\/v2\/users\/9"}],"replies":[{"embeddable":true,"href":"https:\/\/sportland.lv\/magazine\/wp-json\/wp\/v2\/comments?post=9825"}],"version-history":[{"count":8,"href":"https:\/\/sportland.lv\/magazine\/wp-json\/wp\/v2\/posts\/9825\/revisions"}],"predecessor-version":[{"id":15054,"href":"https:\/\/sportland.lv\/magazine\/wp-json\/wp\/v2\/posts\/9825\/revisions\/15054"}],"wp:featuredmedia":[{"embeddable":true,"href":"https:\/\/sportland.lv\/magazine\/wp-json\/wp\/v2\/media\/9834"}],"wp:attachment":[{"href":"https:\/\/sportland.lv\/magazine\/wp-json\/wp\/v2\/media?parent=9825"}],"wp:term":[{"taxonomy":"category","embeddable":true,"href":"https:\/\/sportland.lv\/magazine\/wp-json\/wp\/v2\/categories?post=9825"},{"taxonomy":"post_tag","embeddable":true,"href":"https:\/\/sportland.lv\/magazine\/wp-json\/wp\/v2\/tags?post=9825"}],"curies":[{"name":"wp","href":"https:\/\/api.w.org\/{rel}","templated":true}]}}